{"id":629,"date":"2017-02-16T21:03:11","date_gmt":"2017-02-16T20:03:11","guid":{"rendered":"http:\/\/uran-deutsch-tschechischer-erinnerungsort.info\/?p=629"},"modified":"2017-02-16T21:21:27","modified_gmt":"2017-02-16T20:21:27","slug":"politicky-pronasledovani-skauti-pamatnik-elias","status":"publish","type":"post","link":"https:\/\/uran-a-cesko-nemecka-mista-pameti.eu\/?p=629","title":{"rendered":"Politicky pron\u00e1sledovan\u00ed skauti \u2013 pam\u00e1tn\u00edk Eli\u00e1\u0161"},"content":{"rendered":"<h2><strong>Prameny<\/strong><\/h2>\n<p><a href=\"http:\/\/uran-deutsch-tschechischer-erinnerungsort.info\/wp-content\/uploads\/2017\/02\/Pramen_let\u00e1k_o_skautech.docx\"><strong>Pramen_let\u00e1k_o_skautech.docx\u00a0<\/strong><\/a><span style=\"color: #808080;\">\u00a0 M1: Let\u00e1k z informa\u010dn\u00ed tabule u mohyly. Text a fotky byly laskav\u011b zp\u0159\u00edstupn\u011bny pro n\u00e1\u0161 web po\u010d\u00e1tkem roku 2016 se souhlasem autora, Tom\u00e1\u0161e Bartha.<\/span><\/p>\n<p><a href=\"http:\/\/uran-deutsch-tschechischer-erinnerungsort.info\/wp-content\/uploads\/2015\/08\/P1160184.jpg\"><img loading=\"lazy\" decoding=\"async\" class=\"alignnone size-medium wp-image-441\" src=\"http:\/\/uran-deutsch-tschechischer-erinnerungsort.info\/wp-content\/uploads\/2015\/08\/P1160184-300x200.jpg\" alt=\"P1160184\" width=\"300\" height=\"200\" srcset=\"https:\/\/uran-a-cesko-nemecka-mista-pameti.eu\/wp-content\/uploads\/2015\/08\/P1160184-300x200.jpg 300w, https:\/\/uran-a-cesko-nemecka-mista-pameti.eu\/wp-content\/uploads\/2015\/08\/P1160184-1024x683.jpg 1024w, https:\/\/uran-a-cesko-nemecka-mista-pameti.eu\/wp-content\/uploads\/2015\/08\/P1160184.jpg 2000w\" sizes=\"auto, (max-width: 300px) 100vw, 300px\" \/><\/a><span style=\"color: #808080;\">M2: Nov\u00fd d\u0159ev\u011bn\u00fd k\u0159\u00ed\u017e postaven\u00fd na mohyle Eli\u00e1\u0161 v z\u00e1\u0159\u00ed 2013. Foto: Tom\u00e1\u0161 Barth.<\/span><\/p>\n<p><a href=\"http:\/\/uran-deutsch-tschechischer-erinnerungsort.info\/wp-content\/uploads\/2015\/08\/detail.jpg\"><img loading=\"lazy\" decoding=\"async\" class=\"alignnone size-medium wp-image-436\" src=\"http:\/\/uran-deutsch-tschechischer-erinnerungsort.info\/wp-content\/uploads\/2015\/08\/detail-300x300.jpg\" alt=\"detail\" width=\"300\" height=\"300\" srcset=\"https:\/\/uran-a-cesko-nemecka-mista-pameti.eu\/wp-content\/uploads\/2015\/08\/detail-300x300.jpg 300w, https:\/\/uran-a-cesko-nemecka-mista-pameti.eu\/wp-content\/uploads\/2015\/08\/detail-150x150.jpg 150w, https:\/\/uran-a-cesko-nemecka-mista-pameti.eu\/wp-content\/uploads\/2015\/08\/detail.jpg 640w\" sizes=\"auto, (max-width: 300px) 100vw, 300px\" \/><\/a><span style=\"color: #808080;\">M3: Detail pam\u00e1tn\u00edku Eli\u00e1\u0161 se vzpom\u00ednkovou plaketou, z\u00e1\u0159\u00ed 2013. P\u0159eklad textu plakety zn\u00ed: \u201eNa pam\u00e1tku zat\u010den\u00fdch, mu\u010den\u00fdch a popraven\u00fdch skaut\u016f v letech 1948\u20131968\u201c. Foto: Tom\u00e1\u0161 Barth.<\/span><\/p>\n<p><a href=\"http:\/\/uran-deutsch-tschechischer-erinnerungsort.info\/wp-content\/uploads\/2015\/08\/Znak_Eli\u00e1\u0161-20let.jpg\"><img loading=\"lazy\" decoding=\"async\" class=\"alignnone size-medium wp-image-438\" src=\"http:\/\/uran-deutsch-tschechischer-erinnerungsort.info\/wp-content\/uploads\/2015\/08\/Znak_Eli\u00e1\u0161-20let-300x296.jpg\" alt=\"Znak_Eli\u00e1\u0161-20let\" width=\"300\" height=\"296\" srcset=\"https:\/\/uran-a-cesko-nemecka-mista-pameti.eu\/wp-content\/uploads\/2015\/08\/Znak_Eli\u00e1\u0161-20let-300x296.jpg 300w, https:\/\/uran-a-cesko-nemecka-mista-pameti.eu\/wp-content\/uploads\/2015\/08\/Znak_Eli\u00e1\u0161-20let.jpg 377w\" sizes=\"auto, (max-width: 300px) 100vw, 300px\" \/><\/a><span style=\"color: #808080;\">M4: Logo \u201e20 let mohyla Eli\u00e1\u0161. Bojuj se zlem!\u201c Publikov\u00e1no se svolen\u00edm dr\u017eitele vlastnick\u00fdch pr\u00e1v Tom\u00e1\u0161e Barth.<\/span><\/p>\n<p><span style=\"color: #808080;\">\u00a0 <\/span> <span style=\"color: #808080;\"><a href=\"http:\/\/uran-deutsch-tschechischer-erinnerungsort.info\/wp-content\/uploads\/2015\/08\/2015_09a__Elias-Anschlagtafel.jpg\"><img loading=\"lazy\" decoding=\"async\" class=\"alignnone wp-image-435\" src=\"http:\/\/uran-deutsch-tschechischer-erinnerungsort.info\/wp-content\/uploads\/2015\/08\/2015_09a__Elias-Anschlagtafel-168x300.jpg\" alt=\"2015_09a__Elias Anschlagtafel\" width=\"215\" height=\"384\" srcset=\"https:\/\/uran-a-cesko-nemecka-mista-pameti.eu\/wp-content\/uploads\/2015\/08\/2015_09a__Elias-Anschlagtafel-168x300.jpg 168w, https:\/\/uran-a-cesko-nemecka-mista-pameti.eu\/wp-content\/uploads\/2015\/08\/2015_09a__Elias-Anschlagtafel-573x1024.jpg 573w, https:\/\/uran-a-cesko-nemecka-mista-pameti.eu\/wp-content\/uploads\/2015\/08\/2015_09a__Elias-Anschlagtafel.jpg 1750w\" sizes=\"auto, (max-width: 215px) 100vw, 215px\" \/><\/a><span style=\"color: #808080;\">M5:\u00a0Vzpom\u00ednkov\u00e1 tabule skaut\u016f p\u0159i pam\u00e1tn\u00edku Eli\u00e1\u0161 v J\u00e1chymov\u011b, 2015. Foto: Tom\u00e1\u0161 Barth. <\/span><\/span><\/p>\n<h2><strong>Anal\u00fdza<\/strong><\/h2>\n<p>Skautsk\u00e9 hnut\u00ed zalo\u017een\u00e9 v roce 1907 v Anglii se v b\u00fdval\u00e9m \u010ceskoslovensku roz\u0161\u00ed\u0159ilo pod n\u00e1zvem Jun\u00e1k. Lilie a trojl\u00edstek jsou tradi\u010dn\u00ed skautsk\u00e9 symboly. Obecn\u00fdm c\u00edlem mezin\u00e1rodn\u00edho, n\u00e1bo\u017eensky i politicky nez\u00e1visl\u00e9ho skautingu je podporovat rozvoj mlad\u00fdch lid\u00ed k tomu, aby ve spole\u010dnosti dovedli p\u0159evz\u00edt zodpov\u011bdnost. Jun\u00e1k byl po p\u0159evzet\u00ed moci komunistickou stranou v r. 1948 postupn\u011b zak\u00e1z\u00e1n a ml\u00e1de\u017enick\u00e9 aktivity byly ponech\u00e1ny v\u00fdhradn\u011b v rukou st\u00e1tn\u00edch organizac\u00ed. Komunist\u00e9 spat\u0159ovali ve skautsk\u00e9m hnut\u00ed\u00a0 proz\u00e1padn\u00ed a imperialistick\u00e9 tendence, kter\u00e9 byly pro re\u017eim \u0161kodliv\u00e9. Mnoho skaut\u016f se z\u00e1kazem nedalo odradit a nad\u00e1le se ileg\u00e1ln\u011b sch\u00e1zeli a organizovali. \u00a0N\u011bkte\u0159\u00ed dosp\u011bl\u00ed \u010dlenov\u00e9 byli v politick\u00fdch procesech odsouzeni na mnoho let v\u011bzen\u00ed a byli nasazeni v j\u00e1chymovsk\u00fdch uranov\u00fdch dolech na nucenou pr\u00e1ci. B\u011bhem Pra\u017esk\u00e9ho jara byl skauting kr\u00e1tce znovu povolen v letech 1968\u20131970 a pak op\u011bt zak\u00e1z\u00e1n. \u00a0Od roku 1992 se na J\u00e1chymovsku vzpom\u00edn\u00e1 prost\u0159ednictv\u00edm d\u0159ev\u011bn\u00e9ho k\u0159\u00ed\u017ee na mohyle Eli\u00e1\u0161 na skauty zav\u0159en\u00e9 v uranov\u00fdch pracovn\u00edch t\u00e1borech a dolech. Naposledy v roce 2013 byl k\u0159\u00ed\u017e obnoven.<\/p>\n<p>V bl\u00edzkosti pam\u00e1tn\u00e9ho k\u0159\u00ed\u017ee stoj\u00ed vzpom\u00ednkov\u00e1 tabule s bli\u017e\u0161\u00edmi informacemi a v\u00fdst\u0159i\u017eky z novin, kter\u00e9 se t\u00fdkaj\u00ed pam\u011bti m\u00edsta a skaut\u016f, kte\u0159\u00ed b\u011bhem komunistick\u00e9ho re\u017eimu trp\u011bli.\u00a0 P\u0159ilo\u017een\u00fd text se na tabuli nach\u00e1zel po\u010d\u00e1tkem roku 2016. Jeho autorem je skautsk\u00fd vedouc\u00ed m\u00edstn\u00ed pobo\u010dky j\u00e1chymovsk\u00e9ho Jun\u00e1ka Arnika, pan Tom\u00e1\u0161 Barth. Na na\u0161em webu se nach\u00e1z\u00ed ve zkr\u00e1cen\u00e9 podob\u011b.<\/p>\n<h2><span style=\"color: #00ccff;\">Pracovn\u00ed \u00fakoly<\/span><\/h2>\n<ol>\n<li><span style=\"color: #00ccff;\">Zjist\u011bte, komu je pam\u00e1tn\u00fd k\u0159\u00ed\u017e ur\u010den a kdo ho postavil.<\/span><\/li>\n<li><span style=\"color: #00ccff;\">Vysv\u011btlete, pro\u010d bylo pro um\u00edst\u011bn\u00ed k\u0159\u00ed\u017ee zvoleno pr\u00e1v\u011b toto m\u00edsto?<\/span><\/li>\n<li><span style=\"color: #00ccff;\">Objasn\u011bte letopo\u010dty 1948-1968, kter\u00e9 r\u00e1muj\u00ed d\u016fle\u017eit\u00fd \u00fasek ned\u00e1vn\u00e9 \u010deskoslovensk\u00e9 historie, a jejich souvislost s plaketou na k\u0159\u00ed\u017ei.<\/span><\/li>\n<li><span style=\"color: #00ccff;\">Popi\u0161te d\u016fvody, pro kter\u00e9 pova\u017eoval komunistick\u00fd re\u017eim v \u010ceskoslovensku skauty za nebezpe\u010dn\u00e9. Zamyslete se nad dal\u0161\u00edmi ml\u00e1de\u017enick\u00fdmi hnut\u00edmi, kter\u00e9 mohly b\u00fdt z podobn\u00fdch d\u016fvod\u016f tak\u00e9 zak\u00e1z\u00e1ny.<\/span><\/li>\n<li><span style=\"color: #00ccff;\">Vyjmenujte a vysv\u011btlete symboly pou\u017eit\u00e9 na logu pam\u00e1tn\u00edku Eli\u00e1\u0161, v\u010detn\u011b motta: \u201eBojuj se zlem!\u201c<\/span><\/li>\n<li><span style=\"color: #00ccff;\">Vysv\u011btlete, pro\u010d se skautsk\u00fd pam\u00e1tn\u00edk t\u00fdk\u00e1 tak\u00e9 ne-skaut\u016f.<\/span><\/li>\n<\/ol>\n","protected":false},"excerpt":{"rendered":"<p>Prameny Pramen_let\u00e1k_o_skautech.docx\u00a0\u00a0 M1: Let\u00e1k z informa\u010dn\u00ed tabule u mohyly. Text a fotky byly laskav\u011b zp\u0159\u00edstupn\u011bny pro n\u00e1\u0161 web po\u010d\u00e1tkem roku 2016 se souhlasem autora, Tom\u00e1\u0161e Bartha. M2: Nov\u00fd d\u0159ev\u011bn\u00fd k\u0159\u00ed\u017e postaven\u00fd na mohyle Eli\u00e1\u0161 v z\u00e1\u0159\u00ed 2013. Foto: Tom\u00e1\u0161 Barth. M3: Detail pam\u00e1tn\u00edku Eli\u00e1\u0161 se vzpom\u00ednkovou plaketou, z\u00e1\u0159\u00ed 2013. P\u0159eklad textu plakety zn\u00ed: \u201eNa pam\u00e1tku [&hellip;]<\/p>\n","protected":false},"author":4,"featured_media":0,"comment_status":"closed","ping_status":"closed","sticky":false,"template":"","format":"standard","meta":{"footnotes":""},"categories":[33,27,26,36],"tags":[],"class_list":["post-629","post","type-post","status-publish","format-standard","hentry","category-lehrpfad-hoelle-von-jachymovcs-cs","category-obrazky","category-prameny-a-ukoly-cs","category-vzpominky-pametniku"],"_links":{"self":[{"href":"https:\/\/uran-a-cesko-nemecka-mista-pameti.eu\/index.php?rest_route=\/wp\/v2\/posts\/629","targetHints":{"allow":["GET"]}}],"collection":[{"href":"https:\/\/uran-a-cesko-nemecka-mista-pameti.eu\/index.php?rest_route=\/wp\/v2\/posts"}],"about":[{"href":"https:\/\/uran-a-cesko-nemecka-mista-pameti.eu\/index.php?rest_route=\/wp\/v2\/types\/post"}],"author":[{"embeddable":true,"href":"https:\/\/uran-a-cesko-nemecka-mista-pameti.eu\/index.php?rest_route=\/wp\/v2\/users\/4"}],"replies":[{"embeddable":true,"href":"https:\/\/uran-a-cesko-nemecka-mista-pameti.eu\/index.php?rest_route=%2Fwp%2Fv2%2Fcomments&post=629"}],"version-history":[{"count":7,"href":"https:\/\/uran-a-cesko-nemecka-mista-pameti.eu\/index.php?rest_route=\/wp\/v2\/posts\/629\/revisions"}],"predecessor-version":[{"id":638,"href":"https:\/\/uran-a-cesko-nemecka-mista-pameti.eu\/index.php?rest_route=\/wp\/v2\/posts\/629\/revisions\/638"}],"wp:attachment":[{"href":"https:\/\/uran-a-cesko-nemecka-mista-pameti.eu\/index.php?rest_route=%2Fwp%2Fv2%2Fmedia&parent=629"}],"wp:term":[{"taxonomy":"category","embeddable":true,"href":"https:\/\/uran-a-cesko-nemecka-mista-pameti.eu\/index.php?rest_route=%2Fwp%2Fv2%2Fcategories&post=629"},{"taxonomy":"post_tag","embeddable":true,"href":"https:\/\/uran-a-cesko-nemecka-mista-pameti.eu\/index.php?rest_route=%2Fwp%2Fv2%2Ftags&post=629"}],"curies":[{"name":"wp","href":"https:\/\/api.w.org\/{rel}","templated":true}]}}