{"id":771,"date":"2017-02-25T17:09:20","date_gmt":"2017-02-25T16:09:20","guid":{"rendered":"http:\/\/uran-deutsch-tschechischer-erinnerungsort.info\/?p=771"},"modified":"2017-10-08T17:30:03","modified_gmt":"2017-10-08T15:30:03","slug":"radonove-lazne-pro-spolecenskou-smetanku","status":"publish","type":"post","link":"https:\/\/uran-a-cesko-nemecka-mista-pameti.eu\/?p=771","title":{"rendered":"Radon pro zdrav\u00ed: Radonov\u00e9 l\u00e1zn\u011b pro spole\u010denskou smet\u00e1nku"},"content":{"rendered":"<h2><span style=\"color: #808080;\">Prameny<\/span><\/h2>\n<p><a href=\"http:\/\/uran-deutsch-tschechischer-erinnerungsort.info\/wp-content\/uploads\/2017\/02\/Doppelfoto-Curie-Masaryk.jpg\"><img loading=\"lazy\" decoding=\"async\" class=\"alignnone wp-image-775\" src=\"http:\/\/uran-deutsch-tschechischer-erinnerungsort.info\/wp-content\/uploads\/2017\/02\/Doppelfoto-Curie-Masaryk-695x1024.jpg\" alt=\"Doppelfoto Curie Masaryk\" width=\"450\" height=\"662\" srcset=\"https:\/\/uran-a-cesko-nemecka-mista-pameti.eu\/wp-content\/uploads\/2017\/02\/Doppelfoto-Curie-Masaryk-695x1024.jpg 695w, https:\/\/uran-a-cesko-nemecka-mista-pameti.eu\/wp-content\/uploads\/2017\/02\/Doppelfoto-Curie-Masaryk-203x300.jpg 203w, https:\/\/uran-a-cesko-nemecka-mista-pameti.eu\/wp-content\/uploads\/2017\/02\/Doppelfoto-Curie-Masaryk.jpg 1161w\" sizes=\"auto, (max-width: 450px) 100vw, 450px\" \/><\/a><span style=\"color: #808080;\"><strong>M7-a (naho\u0159e):<\/strong> Polsko-francouzsk\u00e1 v\u011bdkyn\u011b Marie Sk\u0142odowsk\u00e1 Curie na n\u00e1v\u0161t\u011bv\u011b v J\u00e1chymov\u011b (St. Joachimsthal) v roce 1925. Foto: V\u00fd\u0159ez fotografie z pr\u016fvodce po J\u00e1chymov\u011b z roku 1925, nezn\u00e1m\u00fd fotograf. <strong>M7-b (dole): <\/strong>Tom\u00e1\u0161 Garrigue Masaryk (v klobouku, vpravo vedle sochy) p\u0159i jedn\u00e9 ze sv\u00fdch cest do J\u00e1chymova, tady v hovoru s nezn\u00e1mou spole\u010dnost\u00ed na verand\u011b l\u00e1ze\u0148sk\u00e9ho hotelu Radium Palace. Foto: 20. l\u00e9ta 20. stolet\u00ed, nezn\u00e1m\u00fd fotograf, ze sborn\u00edku k v\u00fdro\u010d\u00ed J\u00e1chymova. Zdroj obou fotografi\u00ed: J\u00e1chymov v zrcadle \u010dasu: stru\u010dn\u00e9 d\u011bjiny prvn\u00edch radonov\u00fdch l\u00e1zn\u00ed sv\u011bta = St. Joachimsthal im Spiegel der Zeit: Kurze Geschichte des ersten Radon-Bades der Welt. Karlovy Vary: Krajsk\u00e9 muzeum Karlovarsk\u00e9ho kraje, Muzeum Karlovy Vary, 2007, s. 26 a s. 65. Publikov\u00e1no s laskav\u00fdm souhlasem Muzea J\u00e1chymov a Muzea Karlovy Vary.<\/span><\/p>\n<p><a href=\"http:\/\/uran-deutsch-tschechischer-erinnerungsort.info\/wp-content\/uploads\/2017\/02\/SDC16342.jpg\"><img loading=\"lazy\" decoding=\"async\" class=\"alignnone wp-image-776 \" src=\"http:\/\/uran-deutsch-tschechischer-erinnerungsort.info\/wp-content\/uploads\/2017\/02\/SDC16342.jpg\" alt=\"Postkarte\" width=\"537\" height=\"403\" srcset=\"https:\/\/uran-a-cesko-nemecka-mista-pameti.eu\/wp-content\/uploads\/2017\/02\/SDC16342.jpg 1024w, https:\/\/uran-a-cesko-nemecka-mista-pameti.eu\/wp-content\/uploads\/2017\/02\/SDC16342-300x225.jpg 300w\" sizes=\"auto, (max-width: 537px) 100vw, 537px\" \/><\/a><span style=\"color: #808080;\"><strong>M7-c:<\/strong> Pohlednice \u201eStaatliches Radiumthermalbad St. Joachimsthal [St\u00e1tn\u00ed radiov\u00e9 term\u00e1ln\u00ed l\u00e1zn\u011b J\u00e1chymov]\u201c ze seri\u00e1lu \u201eLernt Deutschland kennen! [Poznavejte N\u011bmecko!]\u201c s vyobrazen\u00edm Radium Palace. Vyti\u0161t\u011bna (1938-)1939, zasl\u00e1na 1939. Foto: Theresa Langer, 2015. Zdroj: Osobn\u00ed sb\u00edrka.<br \/>\n<\/span><\/p>\n<h2>Anal\u00fdza<\/h2>\n<p>\u017divo\u010dichov\u00e9 v\u010detn\u011b lid\u00ed se po miliony let vyv\u00edjeli v prost\u0159ed\u00ed, kter\u00e9 produkovalo ionizuj\u00edc\u00ed z\u00e1\u0159en\u00ed. Organismy si tedy m\u011bly \u010das vybudovat p\u0159irozen\u00e9 fyziologick\u00e9 reakce, kter\u00e9 chr\u00e1n\u00ed bu\u0148ky p\u0159ed radioaktivn\u00edm po\u0161kozen\u00edm. Jde p\u0159ev\u00e1\u017en\u011b o procesy regenera\u010dn\u00ed. Balneologie tohoto fenom\u00e9nu vyu\u017e\u00edv\u00e1 p\u0159i l\u00e9\u010db\u011b zejm\u00e9na chorob pohybov\u00e9ho apar\u00e1tu. P\u0159i radonov\u00e9 koupeli je t\u011blesn\u00fd povrch vystaven energetick\u00e9 spr\u0161e radonov\u00fdch alfa-\u010d\u00e1stic, a spou\u0161t\u00ed se tak \u0159et\u011bzec fyziologick\u00fdch reakc\u00ed. Pr\u016fnik radonu do krevn\u00edho ob\u011bhu je zanedbateln\u00fd a biologick\u00fd polo\u010das (vylou\u010den\u00ed radonu z t\u011bla) p\u0159edstavuje 20 minut (tedy vlastn\u00ed d\u00e9lku radonov\u00e9 koupele).<\/p>\n<p>Absorbovan\u00e1 energie stimuluje regeneraci tk\u00e1n\u00ed a likvidaci \u0161kodliv\u00fdch oxydativn\u00edch stresor\u016f a zvy\u0161uje se tvorba hormon\u016f, v\u010detn\u011b t\u011bch protibolestiv\u00fdch, protiz\u00e1n\u011btliv\u00fdch a pohlavn\u00edch. Aktivuj\u00ed se v\u0161echny slo\u017eky imunitn\u00edho syst\u00e9mu. Tyto procesy jsou b\u011bhem l\u00e9\u010debn\u00e9ho pobytu nastartov\u00e1ny a pokra\u010duj\u00ed je\u0161t\u011b asi 4\u20136 t\u00fddn\u016f po posledn\u00ed radonov\u00e9 koupeli. N\u00e1sledn\u011b v organismu doch\u00e1z\u00ed k f\u00e1zi zklidn\u011bn\u00ed bolestiv\u00fdch a z\u00e1n\u011btliv\u00fdch pot\u00ed\u017e\u00ed a zlep\u0161en\u00ed funkce v\u0161ech slo\u017eek pohybov\u00e9ho apar\u00e1tu \u2013 kloub\u016f, svalstva, \u0161lach a p\u0159\u00edslu\u0161n\u00e9ho c\u00e9vn\u00edho i nervov\u00e9ho z\u00e1soben\u00ed.<\/p>\n<p>Po\u010d\u00e1tky l\u00e1ze\u0148stv\u00ed v J\u00e1chymov\u011b spadaj\u00ed k roku 1906. Z\u00e1hy se uj\u00edm\u00e1 hlavn\u00ed \u00falohy st\u00e1t. V roce 1911 je otev\u0159ena prvn\u00ed l\u00e1ze\u0148sk\u00e1 budova, do kter\u00e9 je l\u00e9\u010div\u00e1 voda svedena z dolu n\u011bkolikakilometrov\u00fdm potrub\u00edm. Velmi dobr\u00e9 l\u00e9\u010debn\u00e9 \u00fa\u010dinky vedly k rozhodnut\u00ed postavit l\u00e1ze\u0148sk\u00fd hotel Radium Kurhaus \u2013 dne\u0161n\u00ed Radium Palace, kter\u00fd byl otev\u0159en v roce 1912 a n\u00e1le\u017eel k tomu nejlep\u0161\u00edmu, co mohla Evropa v t\u00e9 dob\u011b nab\u00eddnout. Proto se v n\u011bm l\u00e9\u010dily p\u0159edev\u0161\u00edm v\u00fdznamn\u00e9 osobnosti politick\u00e9ho, pr\u016fmyslov\u00e9ho a kulturn\u00edho \u017eivota. P\u0159ib\u00fdvaly i dal\u0161\u00ed l\u00e1ze\u0148sk\u00e9 domy a soukrom\u00e9 penziony, kter\u00e9 umo\u017enily, aby ve t\u0159ic\u00e1t\u00fdch letech nav\u0161t\u00edvilo l\u00e1zn\u011b na dev\u011bt tis\u00edc host\u016f ro\u010dn\u011b. Radiov\u00e9 l\u00e1zn\u011b se t\u011b\u0161ily v J\u00e1chymov\u011b sv\u011btov\u00e9 proslulosti. Na sask\u00e9 stran\u011b prosluly radonov\u00e9 l\u00e1zn\u011b v Bad Schlema.<\/p>\n<h2><span style=\"color: #00ccff;\">\u00dakoly<\/span><\/h2>\n<ol>\n<li><span style=\"color: #00ccff;\">Horn\u00ed fotografie zachycuje Marii Sk\u0142odowskou Curie p\u0159i n\u00e1v\u0161t\u011bv\u011b j\u00e1chymovsk\u00fdch radonov\u00fdch l\u00e1zn\u00edch. Popi\u0161 jakou \u010dinnost\u00ed se Marie Sk\u0142odowsk\u00e1 Curie proslavila. Pro\u010dti si <a href=\"http:\/\/uran-deutsch-tschechischer-erinnerungsort.info\/?p=232\" target=\"_blank\" rel=\"noopener\"><strong>koment\u00e1\u0159 k dopisu j\u00e1chymovsk\u00e9 Horn\u00ed a hutn\u00ed spr\u00e1vy adresovan\u00e9 v\u00edde\u0148sk\u00e9mu ministerstvu<\/strong><\/a> a zjisti, jak\u00fd osobn\u00ed vztah m\u011bla Maria Curie-Sk\u0142odowsk\u00e1 k\u00a0J\u00e1chymovu.<\/span><\/li>\n<li><span style=\"color: #00ccff;\">Spodn\u00ed fotografie zachycuje Tom\u00e1\u0161e Garrigue Masaryka. Vysv\u011btli, \u010d\u00edm byla tato osobnost v\u00fdznamn\u00e1. Pro\u010dti si <a href=\"http:\/\/uran-a-cesko-nemecka-mista-pameti.eu\/?p=227\" target=\"_blank\" rel=\"noopener\"><strong>koment\u00e1\u0159 k zdravotn\u00edm rizik\u016fm p\u0159i pr\u00e1ci v uranu<\/strong><\/a> a zjisti, jak se k t\u00e9to problematice Tom\u00e1\u0161 Gariggue Masaryk osobn\u011b postavil.<br \/>\n<\/span><\/li>\n<li><span style=\"color: #00ccff;\">Rozlu\u0161ti text na fotokopii pohlednice. Popi\u0161, co zt\u011b\u017euje \u010ditelnost textu a v jak\u00e9m jazyce je napsan\u00fd.<\/span><\/li>\n<li><span style=\"color: #00ccff;\">Vyp\u00e1trej, jak\u00fd objekt dan\u00e1 pohlednice zobrazuje. Zjisti, co byl a je \u00fa\u010delem tohoto objektu v minulosti a dnes.<\/span><\/li>\n<li><span style=\"color: #00ccff;\">Zjisti, ze kter\u00e9 doby poch\u00e1z\u00ed pohlednice. Ur\u010di, kter\u00e9mu st\u00e1tu pat\u0159ily j\u00e1chymovsk\u00e9 radonov\u00e9 l\u00e1zn\u011b v dob\u011b vzniku pohlednice. Vysv\u011btli souvislost mezi tv\u00fdm v\u00fdsledkem a n\u00e1zvem seri\u00e1lu pohlednic \u201eLernt Deutschland kennen!\u201c, ke kter\u00e9mu tato pohlednice pat\u0159\u00ed.<\/span><\/li>\n<li><span style=\"color: #00ccff;\">Z textu pohlednice pomoc\u00ed slovn\u00edku p\u0159elo\u017e, kter\u00e9 nemoci se l\u00e9\u010dily v j\u00e1chymovsk\u00fdch radonov\u00fdch l\u00e1zn\u00edch. Seznam nemoc\u00ed je\u0161t\u011b roz\u0161i\u0159 z\u00a0textu v\u00fd\u0161e.<\/span><\/li>\n<\/ol>\n","protected":false},"excerpt":{"rendered":"<p>Prameny M7-a (naho\u0159e): Polsko-francouzsk\u00e1 v\u011bdkyn\u011b Marie Sk\u0142odowsk\u00e1 Curie na n\u00e1v\u0161t\u011bv\u011b v J\u00e1chymov\u011b (St. Joachimsthal) v roce 1925. Foto: V\u00fd\u0159ez fotografie z pr\u016fvodce po J\u00e1chymov\u011b z roku 1925, nezn\u00e1m\u00fd fotograf. M7-b (dole): Tom\u00e1\u0161 Garrigue Masaryk (v klobouku, vpravo vedle sochy) p\u0159i jedn\u00e9 ze sv\u00fdch cest do J\u00e1chymova, tady v hovoru s nezn\u00e1mou spole\u010dnost\u00ed na verand\u011b l\u00e1ze\u0148sk\u00e9ho [&hellip;]<\/p>\n","protected":false},"author":4,"featured_media":0,"comment_status":"closed","ping_status":"closed","sticky":false,"template":"","format":"standard","meta":{"footnotes":""},"categories":[31,27,26],"tags":[],"class_list":["post-771","post","type-post","status-publish","format-standard","hentry","category-hornictvi-v-krusnohori","category-obrazky","category-prameny-a-ukoly-cs"],"_links":{"self":[{"href":"https:\/\/uran-a-cesko-nemecka-mista-pameti.eu\/index.php?rest_route=\/wp\/v2\/posts\/771","targetHints":{"allow":["GET"]}}],"collection":[{"href":"https:\/\/uran-a-cesko-nemecka-mista-pameti.eu\/index.php?rest_route=\/wp\/v2\/posts"}],"about":[{"href":"https:\/\/uran-a-cesko-nemecka-mista-pameti.eu\/index.php?rest_route=\/wp\/v2\/types\/post"}],"author":[{"embeddable":true,"href":"https:\/\/uran-a-cesko-nemecka-mista-pameti.eu\/index.php?rest_route=\/wp\/v2\/users\/4"}],"replies":[{"embeddable":true,"href":"https:\/\/uran-a-cesko-nemecka-mista-pameti.eu\/index.php?rest_route=%2Fwp%2Fv2%2Fcomments&post=771"}],"version-history":[{"count":10,"href":"https:\/\/uran-a-cesko-nemecka-mista-pameti.eu\/index.php?rest_route=\/wp\/v2\/posts\/771\/revisions"}],"predecessor-version":[{"id":952,"href":"https:\/\/uran-a-cesko-nemecka-mista-pameti.eu\/index.php?rest_route=\/wp\/v2\/posts\/771\/revisions\/952"}],"wp:attachment":[{"href":"https:\/\/uran-a-cesko-nemecka-mista-pameti.eu\/index.php?rest_route=%2Fwp%2Fv2%2Fmedia&parent=771"}],"wp:term":[{"taxonomy":"category","embeddable":true,"href":"https:\/\/uran-a-cesko-nemecka-mista-pameti.eu\/index.php?rest_route=%2Fwp%2Fv2%2Fcategories&post=771"},{"taxonomy":"post_tag","embeddable":true,"href":"https:\/\/uran-a-cesko-nemecka-mista-pameti.eu\/index.php?rest_route=%2Fwp%2Fv2%2Ftags&post=771"}],"curies":[{"name":"wp","href":"https:\/\/api.w.org\/{rel}","templated":true}]}}