{"id":872,"date":"2017-03-08T11:09:48","date_gmt":"2017-03-08T10:09:48","guid":{"rendered":"http:\/\/uran-deutsch-tschechischer-erinnerungsort.info\/?p=872"},"modified":"2017-03-08T14:18:18","modified_gmt":"2017-03-08T13:18:18","slug":"doly","status":"publish","type":"post","link":"https:\/\/uran-a-cesko-nemecka-mista-pameti.eu\/?p=872","title":{"rendered":"Doly"},"content":{"rendered":"<p><em><strong><strong>Hornick\u00e1 \u0159emesla kolem roku 1500 <\/strong><\/strong><\/em><\/p>\n<h2><span style=\"color: #808080;\">Pramen<\/span><\/h2>\n<p><a href=\"http:\/\/uran-deutsch-tschechischer-erinnerungsort.info\/wp-content\/uploads\/2017\/03\/M1a-Bergbaulandschaft.jpg\"><img loading=\"lazy\" decoding=\"async\" class=\"alignnone wp-image-802 size-large\" src=\"http:\/\/uran-deutsch-tschechischer-erinnerungsort.info\/wp-content\/uploads\/2017\/03\/M1a-Bergbaulandschaft-1024x522.jpg\" alt=\"M1a Bergbaulandschaft\" width=\"1024\" height=\"522\" srcset=\"https:\/\/uran-a-cesko-nemecka-mista-pameti.eu\/wp-content\/uploads\/2017\/03\/M1a-Bergbaulandschaft-1024x522.jpg 1024w, https:\/\/uran-a-cesko-nemecka-mista-pameti.eu\/wp-content\/uploads\/2017\/03\/M1a-Bergbaulandschaft-300x153.jpg 300w, https:\/\/uran-a-cesko-nemecka-mista-pameti.eu\/wp-content\/uploads\/2017\/03\/M1a-Bergbaulandschaft.jpg 1056w\" sizes=\"auto, (max-width: 1024px) 100vw, 1024px\" \/><\/a> <span style=\"color: #808080;\"><strong>M2-a:<\/strong><\/span> <span style=\"color: #808080;\">V\u00fd\u0159ez z\u00a0malby na zadn\u00ed stran\u011b hornick\u00e9ho olt\u00e1\u0159e v\u00a0kostele sv. Anny v\u00a0Annabergu, mal\u00ed\u0159em byl Hans Hesse kolem roku 1520. Zdoj: Wikipedia: the free encyclopedia [online]. San Francisco (CA): Wikimedia Foundation, 2001. Dostupn\u00e9 z: <a style=\"color: #808080;\" href=\"https:\/\/upload.wikimedia.org\/wikipedia\/commons\/3\/3a\/Annaberger-Bergaltar2.jpg\">https:\/\/upload.wikimedia.org\/wikipedia\/commons\/3\/3a\/Annaberger-Bergaltar2.jpg<\/a>\u00a0 (03.09.2015). Detail zpracoval: Marcel Mahdal, 2016.<\/span><\/p>\n<h2>Anal\u00fdza<\/h2>\n<p><strong>viz\u00a0<a title=\"Hornick\u00e1 \u0159emesla kolem roku 1500\" href=\"http:\/\/uran-a-cesko-nemecka-mista-pameti.eu\/?p=883\" target=\"_blank\">Hornick\u00e1 \u0159emesla kolem roku 1500 <\/a><\/strong><\/p>\n<h2><span style=\"color: #00ccff;\"><strong>\u00dakoly k M2-a<\/strong><\/span><\/h2>\n<ol>\n<li><span style=\"color: #00ccff;\"> Ur\u010di, jak\u00fd je vz\u00e1jemn\u00fd vztah obr\u00e1zku M2-a a obr\u00e1zku <a title=\"Um\u011bn\u00ed, hornictv\u00ed a v\u00edra roku 1520\" href=\"http:\/\/uran-a-cesko-nemecka-mista-pameti.eu\/?p=186\" target=\"_blank\"><strong>M2<\/strong><\/a>.<\/span><\/li>\n<li><span style=\"color: #00ccff;\"> Popi\u0161, jakou \u010dinnost vykon\u00e1v\u00e1 postava zobrazen\u00e1 v\u00a0pop\u0159ed\u00ed.<\/span><\/li>\n<li><span style=\"color: #00ccff;\">Vyp\u00e1trej, k\u00a0\u010demu slou\u017eily stavby na obr\u00e1zku M2-a.<\/span><\/li>\n<li><span style=\"color: #00ccff;\"> Jedna ze zobrazen\u00fdch staveb slou\u017eila k\u00a0nah\u00e1n\u011bn\u00ed \u010derstv\u00e9ho vzduchu do \u0161achet vpodzem\u00ed. Tipn\u011bte si, kter\u00e1 ze staveb to je a pro\u010d bylo pot\u0159eba m\u00edt v\u00a0podzem\u00ed \u010derstv\u00fd vzduch.<\/span><\/li>\n<\/ol>\n","protected":false},"excerpt":{"rendered":"<p>Hornick\u00e1 \u0159emesla kolem roku 1500 Pramen M2-a: V\u00fd\u0159ez z\u00a0malby na zadn\u00ed stran\u011b hornick\u00e9ho olt\u00e1\u0159e v\u00a0kostele sv. Anny v\u00a0Annabergu, mal\u00ed\u0159em byl Hans Hesse kolem roku 1520. Zdoj: Wikipedia: the free encyclopedia [online]. San Francisco (CA): Wikimedia Foundation, 2001. Dostupn\u00e9 z: https:\/\/upload.wikimedia.org\/wikipedia\/commons\/3\/3a\/Annaberger-Bergaltar2.jpg\u00a0 (03.09.2015). Detail zpracoval: Marcel Mahdal, 2016. Anal\u00fdza viz\u00a0Hornick\u00e1 \u0159emesla kolem roku 1500 \u00dakoly k M2-a [&hellip;]<\/p>\n","protected":false},"author":4,"featured_media":0,"comment_status":"closed","ping_status":"closed","sticky":false,"template":"","format":"standard","meta":{"footnotes":""},"categories":[45,31,27,26],"tags":[],"class_list":["post-872","post","type-post","status-publish","format-standard","hentry","category-hornicky-oltar-v-annabergu","category-hornictvi-v-krusnohori","category-obrazky","category-prameny-a-ukoly-cs"],"_links":{"self":[{"href":"https:\/\/uran-a-cesko-nemecka-mista-pameti.eu\/index.php?rest_route=\/wp\/v2\/posts\/872","targetHints":{"allow":["GET"]}}],"collection":[{"href":"https:\/\/uran-a-cesko-nemecka-mista-pameti.eu\/index.php?rest_route=\/wp\/v2\/posts"}],"about":[{"href":"https:\/\/uran-a-cesko-nemecka-mista-pameti.eu\/index.php?rest_route=\/wp\/v2\/types\/post"}],"author":[{"embeddable":true,"href":"https:\/\/uran-a-cesko-nemecka-mista-pameti.eu\/index.php?rest_route=\/wp\/v2\/users\/4"}],"replies":[{"embeddable":true,"href":"https:\/\/uran-a-cesko-nemecka-mista-pameti.eu\/index.php?rest_route=%2Fwp%2Fv2%2Fcomments&post=872"}],"version-history":[{"count":3,"href":"https:\/\/uran-a-cesko-nemecka-mista-pameti.eu\/index.php?rest_route=\/wp\/v2\/posts\/872\/revisions"}],"predecessor-version":[{"id":886,"href":"https:\/\/uran-a-cesko-nemecka-mista-pameti.eu\/index.php?rest_route=\/wp\/v2\/posts\/872\/revisions\/886"}],"wp:attachment":[{"href":"https:\/\/uran-a-cesko-nemecka-mista-pameti.eu\/index.php?rest_route=%2Fwp%2Fv2%2Fmedia&parent=872"}],"wp:term":[{"taxonomy":"category","embeddable":true,"href":"https:\/\/uran-a-cesko-nemecka-mista-pameti.eu\/index.php?rest_route=%2Fwp%2Fv2%2Fcategories&post=872"},{"taxonomy":"post_tag","embeddable":true,"href":"https:\/\/uran-a-cesko-nemecka-mista-pameti.eu\/index.php?rest_route=%2Fwp%2Fv2%2Ftags&post=872"}],"curies":[{"name":"wp","href":"https:\/\/api.w.org\/{rel}","templated":true}]}}