{"id":874,"date":"2017-03-08T11:15:02","date_gmt":"2017-03-08T10:15:02","guid":{"rendered":"http:\/\/uran-deutsch-tschechischer-erinnerungsort.info\/?p=874"},"modified":"2017-03-08T14:19:39","modified_gmt":"2017-03-08T13:19:39","slug":"toci-klikou","status":"publish","type":"post","link":"https:\/\/uran-a-cesko-nemecka-mista-pameti.eu\/?p=874","title":{"rendered":"To\u010d\u00ed klikou"},"content":{"rendered":"<p><em><strong>Hornick\u00e1 \u0159emesla kolem roku 1500 <\/strong><\/em><\/p>\n<h2><span style=\"color: #808080;\">Pramen<\/span><\/h2>\n<p><a href=\"http:\/\/uran-deutsch-tschechischer-erinnerungsort.info\/wp-content\/uploads\/2017\/03\/M1b-Kurbelnde-M\u00e4nner.jpg\"><img loading=\"lazy\" decoding=\"async\" class=\"alignnone size-full wp-image-803\" src=\"http:\/\/uran-deutsch-tschechischer-erinnerungsort.info\/wp-content\/uploads\/2017\/03\/M1b-Kurbelnde-M\u00e4nner.jpg\" alt=\"M1b Kurbelnde M\u00e4nner\" width=\"788\" height=\"901\" srcset=\"https:\/\/uran-a-cesko-nemecka-mista-pameti.eu\/wp-content\/uploads\/2017\/03\/M1b-Kurbelnde-M\u00e4nner.jpg 788w, https:\/\/uran-a-cesko-nemecka-mista-pameti.eu\/wp-content\/uploads\/2017\/03\/M1b-Kurbelnde-M\u00e4nner-262x300.jpg 262w\" sizes=\"auto, (max-width: 788px) 100vw, 788px\" \/><\/a> <span style=\"color: #808080;\"><strong>M2-b:<\/strong> V\u00fd\u0159ez z\u00a0malby na zadn\u00ed stran\u011b hornick\u00e9ho olt\u00e1\u0159e v\u00a0kostele sv. Anny v\u00a0Annabergu, mal\u00ed\u0159em byl Hans Hesse kolem roku 1520. Zdoj: Wikipedia: the free encyclopedia [online]. San Francisco (CA): Wikimedia Foundation, 2001. Dostupn\u00e9 z: <a style=\"color: #808080;\" href=\"https:\/\/upload.wikimedia.org\/wikipedia\/commons\/3\/3a\/Annaberger-Bergaltar2.jpg\">https:\/\/upload.wikimedia.org\/wikipedia\/commons\/3\/3a\/Annaberger-Bergaltar2.jpg<\/a>\u00a0 (03.09.2015). Detail zpracoval: Marcel Mahdal, 2016.<\/span><\/p>\n<h2>Anal\u00fdza<\/h2>\n<p>viz\u00a0<strong><a title=\"Hornick\u00e1 \u0159emesla kolem roku 1500\" href=\"http:\/\/uran-a-cesko-nemecka-mista-pameti.eu\/?p=883\" target=\"_blank\">Hornick\u00e1 \u0159emesla kolem roku 1500<\/a><\/strong><\/p>\n<h2><span style=\"color: #00ccff;\">\u00dakoly<\/span><\/h2>\n<ol>\n<li><span style=\"color: #00ccff;\">V \u00favodn\u00edm textu k\u00a0M2 <a title=\"Um\u011bn\u00ed, hornictv\u00ed a v\u00edra roku 1520\" href=\"http:\/\/uran-a-cesko-nemecka-mista-pameti.eu\/?p=186\" target=\"_blank\"><strong>Um\u011bn\u00ed a hornictv\u00ed kolem roku 1500<\/strong><\/a> najdi term\u00edn, kter\u00fdm se ozna\u010dovali pracovn\u00edci obsluhuj\u00edc\u00ed rump\u00e1l.<\/span><\/li>\n<li><span style=\"color: #00ccff;\">Odhadn\u011bte, co bylo nebo kdo byl z\u00a0podzem\u00ed dopravov\u00e1n na povrch.<\/span><\/li>\n<li><span style=\"color: #00ccff;\">Ur\u010di, co maj\u00ed horn\u00edci omot\u00e1no kolem pasu a k\u00a0\u010demu slou\u017eilo.<\/span><\/li>\n<\/ol>\n","protected":false},"excerpt":{"rendered":"<p>Hornick\u00e1 \u0159emesla kolem roku 1500 Pramen M2-b: V\u00fd\u0159ez z\u00a0malby na zadn\u00ed stran\u011b hornick\u00e9ho olt\u00e1\u0159e v\u00a0kostele sv. Anny v\u00a0Annabergu, mal\u00ed\u0159em byl Hans Hesse kolem roku 1520. Zdoj: Wikipedia: the free encyclopedia [online]. San Francisco (CA): Wikimedia Foundation, 2001. Dostupn\u00e9 z: https:\/\/upload.wikimedia.org\/wikipedia\/commons\/3\/3a\/Annaberger-Bergaltar2.jpg\u00a0 (03.09.2015). Detail zpracoval: Marcel Mahdal, 2016. Anal\u00fdza viz\u00a0Hornick\u00e1 \u0159emesla kolem roku 1500 \u00dakoly V \u00favodn\u00edm [&hellip;]<\/p>\n","protected":false},"author":4,"featured_media":0,"comment_status":"closed","ping_status":"closed","sticky":false,"template":"","format":"standard","meta":{"footnotes":""},"categories":[45,31,27,26],"tags":[],"class_list":["post-874","post","type-post","status-publish","format-standard","hentry","category-hornicky-oltar-v-annabergu","category-hornictvi-v-krusnohori","category-obrazky","category-prameny-a-ukoly-cs"],"_links":{"self":[{"href":"https:\/\/uran-a-cesko-nemecka-mista-pameti.eu\/index.php?rest_route=\/wp\/v2\/posts\/874","targetHints":{"allow":["GET"]}}],"collection":[{"href":"https:\/\/uran-a-cesko-nemecka-mista-pameti.eu\/index.php?rest_route=\/wp\/v2\/posts"}],"about":[{"href":"https:\/\/uran-a-cesko-nemecka-mista-pameti.eu\/index.php?rest_route=\/wp\/v2\/types\/post"}],"author":[{"embeddable":true,"href":"https:\/\/uran-a-cesko-nemecka-mista-pameti.eu\/index.php?rest_route=\/wp\/v2\/users\/4"}],"replies":[{"embeddable":true,"href":"https:\/\/uran-a-cesko-nemecka-mista-pameti.eu\/index.php?rest_route=%2Fwp%2Fv2%2Fcomments&post=874"}],"version-history":[{"count":4,"href":"https:\/\/uran-a-cesko-nemecka-mista-pameti.eu\/index.php?rest_route=\/wp\/v2\/posts\/874\/revisions"}],"predecessor-version":[{"id":877,"href":"https:\/\/uran-a-cesko-nemecka-mista-pameti.eu\/index.php?rest_route=\/wp\/v2\/posts\/874\/revisions\/877"}],"wp:attachment":[{"href":"https:\/\/uran-a-cesko-nemecka-mista-pameti.eu\/index.php?rest_route=%2Fwp%2Fv2%2Fmedia&parent=874"}],"wp:term":[{"taxonomy":"category","embeddable":true,"href":"https:\/\/uran-a-cesko-nemecka-mista-pameti.eu\/index.php?rest_route=%2Fwp%2Fv2%2Fcategories&post=874"},{"taxonomy":"post_tag","embeddable":true,"href":"https:\/\/uran-a-cesko-nemecka-mista-pameti.eu\/index.php?rest_route=%2Fwp%2Fv2%2Ftags&post=874"}],"curies":[{"name":"wp","href":"https:\/\/api.w.org\/{rel}","templated":true}]}}